{"id":1255,"date":"2025-11-27T19:21:51","date_gmt":"2025-11-27T18:21:51","guid":{"rendered":"https:\/\/amedialuztango.com\/?p=1255"},"modified":"2025-11-27T19:21:51","modified_gmt":"2025-11-27T18:21:51","slug":"stage-le-dimanche-30-novembre-avec-christine-et-laurent-a-beduer-lot","status":"publish","type":"post","link":"https:\/\/amedialuztango.com\/index.php\/2025\/11\/27\/stage-le-dimanche-30-novembre-avec-christine-et-laurent-a-beduer-lot\/","title":{"rendered":"Stage le dimanche 30 novembre avec Christine et Laurent \u00e0 B\u00e9duer (Lot)"},"content":{"rendered":"\n<figure class=\"wp-block-gallery has-nested-images columns-default is-cropped wp-block-gallery-1 is-layout-flex wp-block-gallery-is-layout-flex\">\n<figure class=\"wp-block-image size-large\"><img fetchpriority=\"high\" decoding=\"async\" width=\"355\" height=\"640\" data-id=\"1256\" src=\"https:\/\/amedialuztango.com\/wp-content\/uploads\/2025\/11\/Z-LOGO-A-MEDIA-LUZ.jpeg\" alt=\"\" class=\"wp-image-1256\" srcset=\"https:\/\/amedialuztango.com\/wp-content\/uploads\/2025\/11\/Z-LOGO-A-MEDIA-LUZ.jpeg 355w, https:\/\/amedialuztango.com\/wp-content\/uploads\/2025\/11\/Z-LOGO-A-MEDIA-LUZ-166x300.jpeg 166w\" sizes=\"(max-width: 355px) 100vw, 355px\" \/><\/figure>\n<\/figure>\n\n\n\n<p class=\"has-text-align-center has-text-color has-link-color wp-elements-2cec3371cb0395bce6a3a0019a58bddf\" style=\"color:#2c0bb5\">\u00a0<strong>Stage le dimanche 30 novembre avec Christine et Laurent<\/strong><br><strong>Salle des f\u00eates de B\u00e9duer &#8211; 7km de Figeac (Lot)<\/strong><br><\/p>\n\n\n\n<p class=\"has-text-align-center has-text-color has-link-color wp-elements-f7d367c219d0778f18e9015348101c9e\" style=\"color:#2c0bb5\">14h30 \u00e0 15h30 \/ Atelier&nbsp;tous niveaux<br>15h30 \u00e0 16h30 \/ Niveau inter 1<br>16h45 \u00e0 17h45 \/ Niveau inter 2 et 3<br>18h &#8211; 20h \/ Pratique ouverte (auberge espagnole) : suppl\u00e9ment pratique 5\u20ac<\/p>\n\n\n\n<p class=\"has-text-align-center has-text-color has-link-color wp-elements-153174fd6096460c6631112d95e904a7\" style=\"color:#2c0bb5\">TARIF<br>1 cours : 15 euros <br>2 cours : 28 euros<br>3 cours : 40 euros<\/p>\n\n\n\n<p class=\"has-text-align-left has-text-color has-link-color wp-elements-b8dbcdbc9bfdca06b22afc7f68d05389\" style=\"color:#2c0bb5\"><strong>Infos et inscription aupr\u00e8s d\u2019Isabelle Hubert: 06 22 69 60 38<\/strong><\/p>\n\n\n\n<p class=\"has-text-color has-link-color wp-elements-4d347da6b421a6fad2315790a0e2b682\" style=\"color:#2c0bb5\"><strong>Mail :&nbsp;<a href=\"mailto:amedialuz@orange.fr\" target=\"_blank\" rel=\"noreferrer noopener\">amedialuz@orange.fr<\/a><\/strong><\/p>\n\n\n\n<p class=\"has-text-color has-link-color wp-elements-e4a8cd49bd75db5f6c20911d871f3d7d\" style=\"color:#2c0bb5\"><strong>Toutes les informations sur&nbsp;<a href=\"https:\/\/us16.mailchimp.com\/mctx\/clicks?url=http%3A%2F%2Fwww.amedialuztango.com&amp;xid=0c61273ed4&amp;uid=81167998&amp;iid=a7fd2f925d&amp;pool=cts&amp;v=2&amp;c=1757504107&amp;h=83ff10acc0be75075d08c972deae9ddd7a20b44d6c73cbef9efb74cace28e1a5\" target=\"_blank\" rel=\"noreferrer noopener\">www.amedialuztango.com<\/a><\/strong><\/p>\n\n\n\n<p><\/p>\n","protected":false},"excerpt":{"rendered":"<p>\u00a0Stage le dimanche 30 novembre avec Christine et LaurentSalle des f\u00eates de B\u00e9duer &#8211; 7km de Figeac (Lot) 14h30 \u00e0 15h30 \/ Atelier&nbsp;tous niveaux15h30 \u00e0 16h30 \/ Niveau inter 116h45 \u00e0 17h45 \/ Niveau inter 2 et 318h &#8211; 20h \/ Pratique ouverte (auberge espagnole) : suppl\u00e9ment pratique 5\u20ac TARIF1 cours : 15 euros 2 &hellip; <\/p>\n<p class=\"link-more\"><a href=\"https:\/\/amedialuztango.com\/index.php\/2025\/11\/27\/stage-le-dimanche-30-novembre-avec-christine-et-laurent-a-beduer-lot\/\" class=\"more-link\">Lire la suite de<span class=\"screen-reader-text\">\u00ab\u00a0Stage le dimanche 30 novembre avec Christine et Laurent \u00e0 B\u00e9duer (Lot)\u00a0\u00bb<\/span><\/a><\/p>\n","protected":false},"author":1,"featured_media":0,"comment_status":"closed","ping_status":"closed","sticky":false,"template":"","format":"gallery","meta":{"footnotes":""},"categories":[1],"tags":[],"class_list":["post-1255","post","type-post","status-publish","format-gallery","hentry","category-non-classe","post_format-post-format-gallery"],"yoast_head":"<!-- This site is optimized with the Yoast SEO plugin v24.7 - https:\/\/yoast.com\/wordpress\/plugins\/seo\/ -->\n<title>Stage le dimanche 30 novembre avec Christine et Laurent \u00e0 B\u00e9duer (Lot) - A Media Luz<\/title>\n<meta name=\"robots\" content=\"index, follow, max-snippet:-1, max-image-preview:large, max-video-preview:-1\" \/>\n<link rel=\"canonical\" href=\"https:\/\/amedialuztango.com\/index.php\/2025\/11\/27\/stage-le-dimanche-30-novembre-avec-christine-et-laurent-a-beduer-lot\/\" \/>\n<meta property=\"og:locale\" content=\"fr_FR\" \/>\n<meta property=\"og:type\" content=\"article\" \/>\n<meta property=\"og:title\" content=\"Stage le dimanche 30 novembre avec Christine et Laurent \u00e0 B\u00e9duer (Lot) - A Media Luz\" \/>\n<meta property=\"og:description\" content=\"\u00a0Stage le dimanche 30 novembre avec Christine et LaurentSalle des f\u00eates de B\u00e9duer &#8211; 7km de Figeac (Lot) 14h30 \u00e0 15h30 \/ Atelier&nbsp;tous niveaux15h30 \u00e0 16h30 \/ Niveau inter 116h45 \u00e0 17h45 \/ Niveau inter 2 et 318h &#8211; 20h \/ Pratique ouverte (auberge espagnole) : suppl\u00e9ment pratique 5\u20ac TARIF1 cours : 15 euros 2 &hellip; Lire la suite de\u00ab\u00a0Stage le dimanche 30 novembre avec Christine et Laurent \u00e0 B\u00e9duer (Lot)\u00a0\u00bb\" \/>\n<meta property=\"og:url\" content=\"https:\/\/amedialuztango.com\/index.php\/2025\/11\/27\/stage-le-dimanche-30-novembre-avec-christine-et-laurent-a-beduer-lot\/\" \/>\n<meta property=\"og:site_name\" content=\"A Media Luz\" \/>\n<meta property=\"article:publisher\" content=\"https:\/\/www.facebook.com\/amedialuztango\/?locale=fr_FR\" \/>\n<meta property=\"article:published_time\" content=\"2025-11-27T18:21:51+00:00\" \/>\n<meta property=\"og:image\" content=\"https:\/\/amedialuztango.com\/wp-content\/uploads\/2025\/11\/Z-LOGO-A-MEDIA-LUZ.jpeg\" \/>\n\t<meta property=\"og:image:width\" content=\"355\" \/>\n\t<meta property=\"og:image:height\" content=\"640\" \/>\n\t<meta property=\"og:image:type\" content=\"image\/jpeg\" \/>\n<meta name=\"author\" content=\"A Media Luz Tango\" \/>\n<meta name=\"twitter:card\" content=\"summary_large_image\" \/>\n<meta name=\"twitter:label1\" content=\"\u00c9crit par\" \/>\n\t<meta name=\"twitter:data1\" content=\"A Media Luz Tango\" \/>\n\t<meta name=\"twitter:label2\" content=\"Dur\u00e9e de lecture estim\u00e9e\" \/>\n\t<meta name=\"twitter:data2\" content=\"1 minute\" \/>\n<script type=\"application\/ld+json\" class=\"yoast-schema-graph\">{\"@context\":\"https:\/\/schema.org\",\"@graph\":[{\"@type\":\"Article\",\"@id\":\"https:\/\/amedialuztango.com\/index.php\/2025\/11\/27\/stage-le-dimanche-30-novembre-avec-christine-et-laurent-a-beduer-lot\/#article\",\"isPartOf\":{\"@id\":\"https:\/\/amedialuztango.com\/index.php\/2025\/11\/27\/stage-le-dimanche-30-novembre-avec-christine-et-laurent-a-beduer-lot\/\"},\"author\":{\"name\":\"A Media Luz Tango\",\"@id\":\"https:\/\/amedialuztango.com\/#\/schema\/person\/f7fd2c9deee4e09cf796ab1d89ed6687\"},\"headline\":\"Stage le dimanche 30 novembre avec Christine et Laurent \u00e0 B\u00e9duer (Lot)\",\"datePublished\":\"2025-11-27T18:21:51+00:00\",\"mainEntityOfPage\":{\"@id\":\"https:\/\/amedialuztango.com\/index.php\/2025\/11\/27\/stage-le-dimanche-30-novembre-avec-christine-et-laurent-a-beduer-lot\/\"},\"wordCount\":84,\"publisher\":{\"@id\":\"https:\/\/amedialuztango.com\/#organization\"},\"image\":{\"@id\":\"https:\/\/amedialuztango.com\/index.php\/2025\/11\/27\/stage-le-dimanche-30-novembre-avec-christine-et-laurent-a-beduer-lot\/#primaryimage\"},\"thumbnailUrl\":\"https:\/\/amedialuztango.com\/wp-content\/uploads\/2025\/11\/Z-LOGO-A-MEDIA-LUZ.jpeg\",\"inLanguage\":\"fr-FR\"},{\"@type\":\"WebPage\",\"@id\":\"https:\/\/amedialuztango.com\/index.php\/2025\/11\/27\/stage-le-dimanche-30-novembre-avec-christine-et-laurent-a-beduer-lot\/\",\"url\":\"https:\/\/amedialuztango.com\/index.php\/2025\/11\/27\/stage-le-dimanche-30-novembre-avec-christine-et-laurent-a-beduer-lot\/\",\"name\":\"Stage le dimanche 30 novembre avec Christine et Laurent \u00e0 B\u00e9duer (Lot) - A Media Luz\",\"isPartOf\":{\"@id\":\"https:\/\/amedialuztango.com\/#website\"},\"primaryImageOfPage\":{\"@id\":\"https:\/\/amedialuztango.com\/index.php\/2025\/11\/27\/stage-le-dimanche-30-novembre-avec-christine-et-laurent-a-beduer-lot\/#primaryimage\"},\"image\":{\"@id\":\"https:\/\/amedialuztango.com\/index.php\/2025\/11\/27\/stage-le-dimanche-30-novembre-avec-christine-et-laurent-a-beduer-lot\/#primaryimage\"},\"thumbnailUrl\":\"https:\/\/amedialuztango.com\/wp-content\/uploads\/2025\/11\/Z-LOGO-A-MEDIA-LUZ.jpeg\",\"datePublished\":\"2025-11-27T18:21:51+00:00\",\"breadcrumb\":{\"@id\":\"https:\/\/amedialuztango.com\/index.php\/2025\/11\/27\/stage-le-dimanche-30-novembre-avec-christine-et-laurent-a-beduer-lot\/#breadcrumb\"},\"inLanguage\":\"fr-FR\",\"potentialAction\":[{\"@type\":\"ReadAction\",\"target\":[\"https:\/\/amedialuztango.com\/index.php\/2025\/11\/27\/stage-le-dimanche-30-novembre-avec-christine-et-laurent-a-beduer-lot\/\"]}]},{\"@type\":\"ImageObject\",\"inLanguage\":\"fr-FR\",\"@id\":\"https:\/\/amedialuztango.com\/index.php\/2025\/11\/27\/stage-le-dimanche-30-novembre-avec-christine-et-laurent-a-beduer-lot\/#primaryimage\",\"url\":\"https:\/\/amedialuztango.com\/wp-content\/uploads\/2025\/11\/Z-LOGO-A-MEDIA-LUZ.jpeg\",\"contentUrl\":\"https:\/\/amedialuztango.com\/wp-content\/uploads\/2025\/11\/Z-LOGO-A-MEDIA-LUZ.jpeg\",\"width\":355,\"height\":640},{\"@type\":\"BreadcrumbList\",\"@id\":\"https:\/\/amedialuztango.com\/index.php\/2025\/11\/27\/stage-le-dimanche-30-novembre-avec-christine-et-laurent-a-beduer-lot\/#breadcrumb\",\"itemListElement\":[{\"@type\":\"ListItem\",\"position\":1,\"name\":\"Accueil\",\"item\":\"https:\/\/amedialuztango.com\/\"},{\"@type\":\"ListItem\",\"position\":2,\"name\":\"Stage le dimanche 30 novembre avec Christine et Laurent \u00e0 B\u00e9duer (Lot)\"}]},{\"@type\":\"WebSite\",\"@id\":\"https:\/\/amedialuztango.com\/#website\",\"url\":\"https:\/\/amedialuztango.com\/\",\"name\":\"A Media Luz\",\"description\":\"Tango Argentin Toulouse Roquettes\",\"publisher\":{\"@id\":\"https:\/\/amedialuztango.com\/#organization\"},\"potentialAction\":[{\"@type\":\"SearchAction\",\"target\":{\"@type\":\"EntryPoint\",\"urlTemplate\":\"https:\/\/amedialuztango.com\/?s={search_term_string}\"},\"query-input\":{\"@type\":\"PropertyValueSpecification\",\"valueRequired\":true,\"valueName\":\"search_term_string\"}}],\"inLanguage\":\"fr-FR\"},{\"@type\":\"Organization\",\"@id\":\"https:\/\/amedialuztango.com\/#organization\",\"name\":\"A Media Luz Tango\",\"url\":\"https:\/\/amedialuztango.com\/\",\"logo\":{\"@type\":\"ImageObject\",\"inLanguage\":\"fr-FR\",\"@id\":\"https:\/\/amedialuztango.com\/#\/schema\/logo\/image\/\",\"url\":\"https:\/\/amedialuztango.com\/wp-content\/uploads\/2023\/09\/LOGO-A-MEDIA-LUZ.jpg\",\"contentUrl\":\"https:\/\/amedialuztango.com\/wp-content\/uploads\/2023\/09\/LOGO-A-MEDIA-LUZ.jpg\",\"width\":554,\"height\":1000,\"caption\":\"A Media Luz Tango\"},\"image\":{\"@id\":\"https:\/\/amedialuztango.com\/#\/schema\/logo\/image\/\"},\"sameAs\":[\"https:\/\/www.facebook.com\/amedialuztango\/?locale=fr_FR\"]},{\"@type\":\"Person\",\"@id\":\"https:\/\/amedialuztango.com\/#\/schema\/person\/f7fd2c9deee4e09cf796ab1d89ed6687\",\"name\":\"A Media Luz Tango\",\"sameAs\":[\"http:\/\/amedialuztango.com\"],\"url\":\"https:\/\/amedialuztango.com\/index.php\/author\/admin1371\/\"}]}<\/script>\n<!-- \/ Yoast SEO plugin. -->","yoast_head_json":{"title":"Stage le dimanche 30 novembre avec Christine et Laurent \u00e0 B\u00e9duer (Lot) - A Media Luz","robots":{"index":"index","follow":"follow","max-snippet":"max-snippet:-1","max-image-preview":"max-image-preview:large","max-video-preview":"max-video-preview:-1"},"canonical":"https:\/\/amedialuztango.com\/index.php\/2025\/11\/27\/stage-le-dimanche-30-novembre-avec-christine-et-laurent-a-beduer-lot\/","og_locale":"fr_FR","og_type":"article","og_title":"Stage le dimanche 30 novembre avec Christine et Laurent \u00e0 B\u00e9duer (Lot) - A Media Luz","og_description":"\u00a0Stage le dimanche 30 novembre avec Christine et LaurentSalle des f\u00eates de B\u00e9duer &#8211; 7km de Figeac (Lot) 14h30 \u00e0 15h30 \/ Atelier&nbsp;tous niveaux15h30 \u00e0 16h30 \/ Niveau inter 116h45 \u00e0 17h45 \/ Niveau inter 2 et 318h &#8211; 20h \/ Pratique ouverte (auberge espagnole) : suppl\u00e9ment pratique 5\u20ac TARIF1 cours : 15 euros 2 &hellip; Lire la suite de\u00ab\u00a0Stage le dimanche 30 novembre avec Christine et Laurent \u00e0 B\u00e9duer (Lot)\u00a0\u00bb","og_url":"https:\/\/amedialuztango.com\/index.php\/2025\/11\/27\/stage-le-dimanche-30-novembre-avec-christine-et-laurent-a-beduer-lot\/","og_site_name":"A Media Luz","article_publisher":"https:\/\/www.facebook.com\/amedialuztango\/?locale=fr_FR","article_published_time":"2025-11-27T18:21:51+00:00","og_image":[{"width":355,"height":640,"url":"https:\/\/amedialuztango.com\/wp-content\/uploads\/2025\/11\/Z-LOGO-A-MEDIA-LUZ.jpeg","type":"image\/jpeg"}],"author":"A Media Luz Tango","twitter_card":"summary_large_image","twitter_misc":{"\u00c9crit par":"A Media Luz Tango","Dur\u00e9e de lecture estim\u00e9e":"1 minute"},"schema":{"@context":"https:\/\/schema.org","@graph":[{"@type":"Article","@id":"https:\/\/amedialuztango.com\/index.php\/2025\/11\/27\/stage-le-dimanche-30-novembre-avec-christine-et-laurent-a-beduer-lot\/#article","isPartOf":{"@id":"https:\/\/amedialuztango.com\/index.php\/2025\/11\/27\/stage-le-dimanche-30-novembre-avec-christine-et-laurent-a-beduer-lot\/"},"author":{"name":"A Media Luz Tango","@id":"https:\/\/amedialuztango.com\/#\/schema\/person\/f7fd2c9deee4e09cf796ab1d89ed6687"},"headline":"Stage le dimanche 30 novembre avec Christine et Laurent \u00e0 B\u00e9duer (Lot)","datePublished":"2025-11-27T18:21:51+00:00","mainEntityOfPage":{"@id":"https:\/\/amedialuztango.com\/index.php\/2025\/11\/27\/stage-le-dimanche-30-novembre-avec-christine-et-laurent-a-beduer-lot\/"},"wordCount":84,"publisher":{"@id":"https:\/\/amedialuztango.com\/#organization"},"image":{"@id":"https:\/\/amedialuztango.com\/index.php\/2025\/11\/27\/stage-le-dimanche-30-novembre-avec-christine-et-laurent-a-beduer-lot\/#primaryimage"},"thumbnailUrl":"https:\/\/amedialuztango.com\/wp-content\/uploads\/2025\/11\/Z-LOGO-A-MEDIA-LUZ.jpeg","inLanguage":"fr-FR"},{"@type":"WebPage","@id":"https:\/\/amedialuztango.com\/index.php\/2025\/11\/27\/stage-le-dimanche-30-novembre-avec-christine-et-laurent-a-beduer-lot\/","url":"https:\/\/amedialuztango.com\/index.php\/2025\/11\/27\/stage-le-dimanche-30-novembre-avec-christine-et-laurent-a-beduer-lot\/","name":"Stage le dimanche 30 novembre avec Christine et Laurent \u00e0 B\u00e9duer (Lot) - A Media Luz","isPartOf":{"@id":"https:\/\/amedialuztango.com\/#website"},"primaryImageOfPage":{"@id":"https:\/\/amedialuztango.com\/index.php\/2025\/11\/27\/stage-le-dimanche-30-novembre-avec-christine-et-laurent-a-beduer-lot\/#primaryimage"},"image":{"@id":"https:\/\/amedialuztango.com\/index.php\/2025\/11\/27\/stage-le-dimanche-30-novembre-avec-christine-et-laurent-a-beduer-lot\/#primaryimage"},"thumbnailUrl":"https:\/\/amedialuztango.com\/wp-content\/uploads\/2025\/11\/Z-LOGO-A-MEDIA-LUZ.jpeg","datePublished":"2025-11-27T18:21:51+00:00","breadcrumb":{"@id":"https:\/\/amedialuztango.com\/index.php\/2025\/11\/27\/stage-le-dimanche-30-novembre-avec-christine-et-laurent-a-beduer-lot\/#breadcrumb"},"inLanguage":"fr-FR","potentialAction":[{"@type":"ReadAction","target":["https:\/\/amedialuztango.com\/index.php\/2025\/11\/27\/stage-le-dimanche-30-novembre-avec-christine-et-laurent-a-beduer-lot\/"]}]},{"@type":"ImageObject","inLanguage":"fr-FR","@id":"https:\/\/amedialuztango.com\/index.php\/2025\/11\/27\/stage-le-dimanche-30-novembre-avec-christine-et-laurent-a-beduer-lot\/#primaryimage","url":"https:\/\/amedialuztango.com\/wp-content\/uploads\/2025\/11\/Z-LOGO-A-MEDIA-LUZ.jpeg","contentUrl":"https:\/\/amedialuztango.com\/wp-content\/uploads\/2025\/11\/Z-LOGO-A-MEDIA-LUZ.jpeg","width":355,"height":640},{"@type":"BreadcrumbList","@id":"https:\/\/amedialuztango.com\/index.php\/2025\/11\/27\/stage-le-dimanche-30-novembre-avec-christine-et-laurent-a-beduer-lot\/#breadcrumb","itemListElement":[{"@type":"ListItem","position":1,"name":"Accueil","item":"https:\/\/amedialuztango.com\/"},{"@type":"ListItem","position":2,"name":"Stage le dimanche 30 novembre avec Christine et Laurent \u00e0 B\u00e9duer (Lot)"}]},{"@type":"WebSite","@id":"https:\/\/amedialuztango.com\/#website","url":"https:\/\/amedialuztango.com\/","name":"A Media Luz","description":"Tango Argentin Toulouse Roquettes","publisher":{"@id":"https:\/\/amedialuztango.com\/#organization"},"potentialAction":[{"@type":"SearchAction","target":{"@type":"EntryPoint","urlTemplate":"https:\/\/amedialuztango.com\/?s={search_term_string}"},"query-input":{"@type":"PropertyValueSpecification","valueRequired":true,"valueName":"search_term_string"}}],"inLanguage":"fr-FR"},{"@type":"Organization","@id":"https:\/\/amedialuztango.com\/#organization","name":"A Media Luz Tango","url":"https:\/\/amedialuztango.com\/","logo":{"@type":"ImageObject","inLanguage":"fr-FR","@id":"https:\/\/amedialuztango.com\/#\/schema\/logo\/image\/","url":"https:\/\/amedialuztango.com\/wp-content\/uploads\/2023\/09\/LOGO-A-MEDIA-LUZ.jpg","contentUrl":"https:\/\/amedialuztango.com\/wp-content\/uploads\/2023\/09\/LOGO-A-MEDIA-LUZ.jpg","width":554,"height":1000,"caption":"A Media Luz Tango"},"image":{"@id":"https:\/\/amedialuztango.com\/#\/schema\/logo\/image\/"},"sameAs":["https:\/\/www.facebook.com\/amedialuztango\/?locale=fr_FR"]},{"@type":"Person","@id":"https:\/\/amedialuztango.com\/#\/schema\/person\/f7fd2c9deee4e09cf796ab1d89ed6687","name":"A Media Luz Tango","sameAs":["http:\/\/amedialuztango.com"],"url":"https:\/\/amedialuztango.com\/index.php\/author\/admin1371\/"}]}},"_links":{"self":[{"href":"https:\/\/amedialuztango.com\/index.php\/wp-json\/wp\/v2\/posts\/1255","targetHints":{"allow":["GET"]}}],"collection":[{"href":"https:\/\/amedialuztango.com\/index.php\/wp-json\/wp\/v2\/posts"}],"about":[{"href":"https:\/\/amedialuztango.com\/index.php\/wp-json\/wp\/v2\/types\/post"}],"author":[{"embeddable":true,"href":"https:\/\/amedialuztango.com\/index.php\/wp-json\/wp\/v2\/users\/1"}],"replies":[{"embeddable":true,"href":"https:\/\/amedialuztango.com\/index.php\/wp-json\/wp\/v2\/comments?post=1255"}],"version-history":[{"count":1,"href":"https:\/\/amedialuztango.com\/index.php\/wp-json\/wp\/v2\/posts\/1255\/revisions"}],"predecessor-version":[{"id":1257,"href":"https:\/\/amedialuztango.com\/index.php\/wp-json\/wp\/v2\/posts\/1255\/revisions\/1257"}],"wp:attachment":[{"href":"https:\/\/amedialuztango.com\/index.php\/wp-json\/wp\/v2\/media?parent=1255"}],"wp:term":[{"taxonomy":"category","embeddable":true,"href":"https:\/\/amedialuztango.com\/index.php\/wp-json\/wp\/v2\/categories?post=1255"},{"taxonomy":"post_tag","embeddable":true,"href":"https:\/\/amedialuztango.com\/index.php\/wp-json\/wp\/v2\/tags?post=1255"}],"curies":[{"name":"wp","href":"https:\/\/api.w.org\/{rel}","templated":true}]}}